{"id":9326,"date":"2026-09-01T12:47:37","date_gmt":"2026-09-01T15:47:37","guid":{"rendered":"https:\/\/www.camaracampos.rj.gov.br\/site\/reliant\/?p=9326"},"modified":"2026-09-01T12:47:37","modified_gmt":"2026-09-01T15:47:37","slug":"projetos-aprovados-nesta-terca-feira-2","status":"publish","type":"post","link":"https:\/\/www.camaracampos.rj.gov.br\/site\/reliant\/projetos-aprovados-nesta-terca-feira-2\/","title":{"rendered":"Projetos aprovados nesta ter\u00e7a-feira"},"content":{"rendered":"\n<p class=\"wp-block-paragraph\">A C\u00e2mara Municipal de Campos dos Goytacazes realizou sess\u00e3o ordin\u00e1ria nesta ter\u00e7a-feira (1\u00ba).<\/p>\n\n\n\n<p class=\"wp-block-paragraph\">Os vereadores aprovaram as seguintes Indica\u00e7\u00f5es Legislativas, de Marquinho Bacellar (Uni\u00e3o): Indica\u00e7\u00e3o Legislativa n\u00ba 0941\/2026, que encaminha anteprojeto de Lei que disp\u00f5e sobre a identifica\u00e7\u00e3o dos ve\u00edculos de propriedade, alugados ou cedidos, a qualquer t\u00edtulo, ao Poder P\u00fablico; e a Indica\u00e7\u00e3o Legislativa n\u00ba 1098\/2026, que encaminha anteprojeto de Lei que autoriza o Munic\u00edpio de Campos dos Goytacazes a incluir no novo Plano Municipal de Educa\u00e7\u00e3o \u00e0s exig\u00eancias da Lei Federal n\u00ba 15.360, de 25 de mar\u00e7o de 2026.<\/p>\n\n\n\n<p class=\"wp-block-paragraph\"><strong>Segundo turno<\/strong><\/p>\n\n\n\n<p class=\"wp-block-paragraph\">Em segundo turno, foram aprovados:<\/p>\n\n\n\n<p class=\"wp-block-paragraph\">De Dandinho de Rio Preto (Uni\u00e3o), o Projeto de Lei n\u00ba 0090\/2026, que institui a Pol\u00edtica Municipal de Incentivo ao Turismo Empreendedor no Munic\u00edpio de Campos dos Goytacazes, estabelece diretrizes para a promo\u00e7\u00e3o da informa\u00e7\u00e3o, da formaliza\u00e7\u00e3o, da capacita\u00e7\u00e3o e da integra\u00e7\u00e3o da cadeia produtiva do turismo, e cria o Mapa Municipal do Empreendedor Tur\u00edstico de Campos dos Goytacazes;<\/p>\n\n\n\n<p class=\"wp-block-paragraph\">De Maicon Cruz (PV), o Projeto de Lei n\u00ba 0083\/2026, que disp\u00f5e sobre a obrigatoriedade da realiza\u00e7\u00e3o do exame de hemograma completo em cada doa\u00e7\u00e3o de sangue realizada nos hemocentros e bancos de sangue no \u00e2mbito do Munic\u00edpio de Campos dos Goytacazes;<\/p>\n\n\n\n<p class=\"wp-block-paragraph\">De Marquinho Bacellar (Uni\u00e3o), o Projeto de Lei n\u00ba0027\/2026, que disp\u00f5e sobre a institui\u00e7\u00e3o da Campanha de Conscientiza\u00e7\u00e3o sobre o Zoossadismo Digital no \u00e2mbito do Munic\u00edpio de Campos dos Goytacazes.<\/p>\n\n\n\n<p class=\"wp-block-paragraph\"><strong>Primeiro turno<\/strong><\/p>\n\n\n\n<p class=\"wp-block-paragraph\">Em primeiro turno, foi aprovado o seguinte projeto:<\/p>\n\n\n\n<p class=\"wp-block-paragraph\">De autoria dos vereadores Silvinho Martins, Abdu Neme, Anderson de Matos, Dandinho de Rio Preto, Bruno Pez\u00e3o, Ciro Rocha, Dudu Azevedo, Fernando Machado, Fred Rangel, Sub Jackson, Juninho Jubiraca, Kassiano Tavares, Leon Gomes, Luciano Rio Lu, Maicon Cruz, Professor Marcelo Feres, Pastor Marcos Elias, Marquinho do Transporte, Marquinho Bacellar, Nildo Cardoso, Marcione da Farm\u00e1cia, Paulo Coth\u00e9, Rog\u00e9rio Matoso, Thamires Rangel e N\u00e9a Terra, o Projeto de Emenda \u00e0 Lei Org\u00e2nica n\u00ba 0132\/2026, que altera o inciso XIV do Art. 7\u00ba da Lei Org\u00e2nica do Munic\u00edpio de Campos dos Goytacazes \/RJ.<\/p>\n\n\n\n<p class=\"wp-block-paragraph\"><strong>Tramita\u00e7\u00e3o<\/strong><\/p>\n\n\n\n<p class=\"wp-block-paragraph\">Nesta sess\u00e3o, come\u00e7aram a tramitar:<\/p>\n\n\n\n<p class=\"wp-block-paragraph\">De Dadinho de Rio Preto (Uni\u00e3o), o Projeto de Lei n\u00ba 0041\/2026, que disp\u00f5e sobre a possibilidade de convers\u00e3o do pagamento de multas de tr\u00e2nsito de natureza leve, aplicadas pelo Munic\u00edpio de Campos dos Goytacazes, em doa\u00e7\u00e3o de sangue e medula \u00f3ssea;<\/p>\n\n\n\n<p class=\"wp-block-paragraph\">De Fernando Machado (Podemos), o Projeto de Lei n\u00ba 0200\/2026 &#8211; Denomina Pista de Park Skate Jos\u00e9 Romeu de Oliveira Lins;<\/p>\n\n\n\n<p class=\"wp-block-paragraph\">De Filipe Coutinho (PDT), o Projeto de Lei n\u00ba 0066\/2026, que institui o direito \u00e0 meia-entrada para profissionais da sa\u00fade em eventos art\u00edsticos, culturais, cinematogr\u00e1ficos e esportivos realizados no Munic\u00edpio de Campos dos Goytacazes;<\/p>\n\n\n\n<p class=\"wp-block-paragraph\">De Kassiano Tavares (PP), o Projeto de Resolu\u00e7\u00e3o n\u00ba 0113\/2026, que institui diretrizes para implanta\u00e7\u00e3o de coleta seletiva de res\u00edduos s\u00f3lidos no \u00e2mbito da C\u00e2mara Municipal de Campos dos Goytacazes;<\/p>\n\n\n\n<p class=\"wp-block-paragraph\">De Maicon Cruz (PV), o Projeto de Lei n\u00ba 0147\/2026, que disp\u00f5e sobre a exig\u00eancia de Ficha Limpa para pessoas f\u00edsicas e jur\u00eddicas que recebam patroc\u00ednio, cach\u00ea ou pr\u00eamio proveniente de recursos p\u00fablicos municipais em Campos dos Goytacazes;<\/p>\n\n\n\n<p class=\"wp-block-paragraph\">Do Professor Marcelo Feres (PDT), o Projeto de Lei n\u00ba 0491\/2025, que institui o Programa Municipal de Refor\u00e7o Escolar \u201cAprender Mais\u201d para alunos da rede p\u00fablica de ensino fundamental; e o Projeto de Lei n\u00ba 0163\/2026, que institui o Programa Municipal de Inclus\u00e3o Digital Educacional para Estudantes em Situa\u00e7\u00e3o de Vulnerabilidade Social no \u00e2mbito da Rede Municipal de Ensino de Campos dos Goytacazes;<\/p>\n\n\n\n<p class=\"wp-block-paragraph\">De Vin\u00edcius Madureira, o Projeto de Lei n\u00ba 0097\/2026, que disp\u00f5e sobre a limita\u00e7\u00e3o da tarifa de esgoto cobrada pela concession\u00e1ria \u00c1guas do Para\u00edba, condicionando a cobran\u00e7a integral \u00e0 instala\u00e7\u00e3o de medidores de efluentes no munic\u00edpio de Campos dos Goytacazes;<\/p>\n\n\n\n<p class=\"wp-block-paragraph\">Dos vereadores Juninho Jubiraca (PP) e Abdu Neme (PL), o Projeto de Lei n\u00ba 0194\/2026, que disp\u00f5e sobre a institui\u00e7\u00e3o de diretrizes para o fortalecimento da preven\u00e7\u00e3o e do diagn\u00f3stico precoce das doen\u00e7as cardiovasculares na Aten\u00e7\u00e3o Prim\u00e1ria \u00e0 Sa\u00fade do Munic\u00edpio de Campos dos Goytacazes.<\/p>\n","protected":false},"excerpt":{"rendered":"<p>A C\u00e2mara Municipal de Campos dos Goytacazes realizou sess\u00e3o ordin\u00e1ria nesta ter\u00e7a-feira (1\u00ba). Os vereadores aprovaram as seguintes Indica\u00e7\u00f5es Legislativas, de Marquinho Bacellar (Uni\u00e3o): Indica\u00e7\u00e3o Legislativa n\u00ba 0941\/2026, que encaminha&hellip;<\/p>\n","protected":false},"author":3,"featured_media":9327,"comment_status":"closed","ping_status":"","sticky":false,"template":"","format":"standard","meta":{"ngg_post_thumbnail":0,"iawp_total_views":12,"footnotes":""},"categories":[6,1],"tags":[],"class_list":["post-9326","post","type-post","status-publish","format-standard","has-post-thumbnail","hentry","category-camara","category-legislativo"],"rttpg_featured_image_url":{"full":["https:\/\/www.camaracampos.rj.gov.br\/site\/reliant\/wp-content\/uploads\/2026\/09\/sessao-01-09-2026-scaled.jpg",2560,1707,false],"landscape":["https:\/\/www.camaracampos.rj.gov.br\/site\/reliant\/wp-content\/uploads\/2026\/09\/sessao-01-09-2026-scaled.jpg",2560,1707,false],"portraits":["https:\/\/www.camaracampos.rj.gov.br\/site\/reliant\/wp-content\/uploads\/2026\/09\/sessao-01-09-2026-scaled.jpg",2560,1707,false],"thumbnail":["https:\/\/www.camaracampos.rj.gov.br\/site\/reliant\/wp-content\/uploads\/2026\/09\/sessao-01-09-2026-150x150.jpg",150,150,true],"medium":["https:\/\/www.camaracampos.rj.gov.br\/site\/reliant\/wp-content\/uploads\/2026\/09\/sessao-01-09-2026-300x200.jpg",300,200,true],"large":["https:\/\/www.camaracampos.rj.gov.br\/site\/reliant\/wp-content\/uploads\/2026\/09\/sessao-01-09-2026-500x333.jpg",500,333,true],"1536x1536":["https:\/\/www.camaracampos.rj.gov.br\/site\/reliant\/wp-content\/uploads\/2026\/09\/sessao-01-09-2026-1536x1024.jpg",1536,1024,true],"2048x2048":["https:\/\/www.camaracampos.rj.gov.br\/site\/reliant\/wp-content\/uploads\/2026\/09\/sessao-01-09-2026-2048x1365.jpg",2048,1365,true]},"rttpg_author":{"display_name":"lohaynne","author_link":"https:\/\/www.camaracampos.rj.gov.br\/site\/reliant\/author\/lohaynne\/"},"rttpg_comment":0,"rttpg_category":"<a href=\"https:\/\/www.camaracampos.rj.gov.br\/site\/reliant\/category\/camara\/\" rel=\"category tag\">C\u00e2mara<\/a> <a href=\"https:\/\/www.camaracampos.rj.gov.br\/site\/reliant\/category\/camara\/legislativo\/\" rel=\"category tag\">Legislativo<\/a>","rttpg_excerpt":"A C\u00e2mara Municipal de Campos dos Goytacazes realizou sess\u00e3o ordin\u00e1ria nesta ter\u00e7a-feira (1\u00ba). Os vereadores aprovaram as seguintes Indica\u00e7\u00f5es Legislativas, de Marquinho Bacellar (Uni\u00e3o): Indica\u00e7\u00e3o Legislativa n\u00ba 0941\/2026, que encaminha&hellip;","_links":{"self":[{"href":"https:\/\/www.camaracampos.rj.gov.br\/site\/reliant\/wp-json\/wp\/v2\/posts\/9326","targetHints":{"allow":["GET"]}}],"collection":[{"href":"https:\/\/www.camaracampos.rj.gov.br\/site\/reliant\/wp-json\/wp\/v2\/posts"}],"about":[{"href":"https:\/\/www.camaracampos.rj.gov.br\/site\/reliant\/wp-json\/wp\/v2\/types\/post"}],"author":[{"embeddable":true,"href":"https:\/\/www.camaracampos.rj.gov.br\/site\/reliant\/wp-json\/wp\/v2\/users\/3"}],"replies":[{"embeddable":true,"href":"https:\/\/www.camaracampos.rj.gov.br\/site\/reliant\/wp-json\/wp\/v2\/comments?post=9326"}],"version-history":[{"count":1,"href":"https:\/\/www.camaracampos.rj.gov.br\/site\/reliant\/wp-json\/wp\/v2\/posts\/9326\/revisions"}],"predecessor-version":[{"id":9328,"href":"https:\/\/www.camaracampos.rj.gov.br\/site\/reliant\/wp-json\/wp\/v2\/posts\/9326\/revisions\/9328"}],"wp:featuredmedia":[{"embeddable":true,"href":"https:\/\/www.camaracampos.rj.gov.br\/site\/reliant\/wp-json\/wp\/v2\/media\/9327"}],"wp:attachment":[{"href":"https:\/\/www.camaracampos.rj.gov.br\/site\/reliant\/wp-json\/wp\/v2\/media?parent=9326"}],"wp:term":[{"taxonomy":"category","embeddable":true,"href":"https:\/\/www.camaracampos.rj.gov.br\/site\/reliant\/wp-json\/wp\/v2\/categories?post=9326"},{"taxonomy":"post_tag","embeddable":true,"href":"https:\/\/www.camaracampos.rj.gov.br\/site\/reliant\/wp-json\/wp\/v2\/tags?post=9326"}],"curies":[{"name":"wp","href":"https:\/\/api.w.org\/{rel}","templated":true}]}}