{"id":7762,"date":"2021-03-21T12:38:00","date_gmt":"2021-03-21T15:38:00","guid":{"rendered":"https:\/\/www.camaracampos.rj.gov.br\/site\/?p=7762"},"modified":"2024-12-21T16:04:09","modified_gmt":"2024-12-21T19:04:09","slug":"camara-municipal-homenageia-servidoras-no-dia-internacional-da-mulher","status":"publish","type":"post","link":"https:\/\/www.camaracampos.rj.gov.br\/site\/camara-municipal-homenageia-servidoras-no-dia-internacional-da-mulher\/","title":{"rendered":"C\u00e2mara Municipal homenageia servidoras no Dia Internacional da Mulher"},"content":{"rendered":"\n<p><br>Esta segunda-feira, 8 de Mar\u00e7o, Dia Internacional das Mulheres, foi de homenagear as servidoras da C\u00e2mara Municipal de Campos, uma tradi\u00e7\u00e3o seguida pela atual presid\u00eancia da Casa Legislativa, estendida, este ano, tamb\u00e9m \u00e0s visitantes. A homenagem foi iniciada no plen\u00e1rio, com um culto e distribui\u00e7\u00e3o de rosas brancas e vermelhas pelo presidente F\u00e1bio Ribeiro (PSD) e demais vereadores presentes. A solenidade observou os cuidados e medidas de preven\u00e7\u00e3o \u00e0 Covid-19.<br>O culto foi ministrado pelo vereador Pastar Marcos Elias (PSC) e contou com a apresenta\u00e7\u00e3o do grupo de mulheres da igreja Assembleia de Deus Madureira\/Cidade Luz. O pastor citou Prov\u00e9rbios 31:10 para destacar a import\u00e2ncia da mulher: \u0093Mulher virtuosa, quem a pode achar? Pois o seu valor muito excede ao de joias preciosas\u0094.<br>&#8211; A B\u00edblia define a mulher como um vaso fr\u00e1gil, para destacar a import\u00e2ncia da sua valoriza\u00e7\u00e3o pelo marido, companheiro, pai, irm\u00e3o. A pr\u00f3pria Palavra diz que seu valor excede o valor de um rubi. Ainda que exclu\u00edda da fam\u00edlia ou da sociedade, ou se abandonada por algu\u00e9m, Deus jamais a abandonar\u00e1, Deus a valorizar\u00e1. Deus sabe o valor das mulheres, mas cabe, principalmente, a cada uma despertar sua virtude, se valorizar \u0096 disse o pastor, acrescentando que \u0093enquanto representantes do povo, desejamos que as mulheres sejam reconhecidas pela grande participa\u00e7\u00e3o que exercem na sociedade\u0094.<br>O presidente da C\u00e2mara, F\u00e1bio Ribeiro, tamb\u00e9m falou da import\u00e2ncia da valoriza\u00e7\u00e3o das mulheres, mas destacou a necessidade de fortalecimento da luta pela garantia dos direitos da mulher: \u0093Hoje \u00e9 um dia muito especial e um dia de lembrar das lutas pelas causas em prol das mulheres. Em 1930, registramos a primeira assinatura de carteira de trabalho de uma mulher e somente em 2015 a assinatura do trabalho da empregada dom\u00e9stica. Ent\u00e3o, ainda temos muito para avan\u00e7ar. Hoje, temos, na C\u00e2mara, uma composi\u00e7\u00e3o de 25 vereadores homens. Voc\u00eas concordam com isso? Eu n\u00e3o concordo. D\u00e1 para contar nos dedos as mulheres que atuaram nessa Casa: Hermeny Coutinho, Dona Ant\u00f4nia, Dona Penha, Auxiliadora Freitas, Jo\u00edlza, Cec\u00edlia, Linda Mara, Marcelle Pata, Josiane Morumbi e Rosilani do Ren\u00ea. No Dia de hoje, pedi a Deus sabedoria e a prote\u00e7\u00e3o de Maria para que continuemos lutando, lutando e lutando pelos direitos da mulher\u0094, declarou o presidente.<br>A servidora Rosin\u00e9ria Batista Paes, que trabalha h\u00e1 38 anos na C\u00e2mara e t\u00eam duas filhas e uma neta, concorda com o presidente F\u00e1bio Ribeiro. \u0093O que desejo para as mulheres n\u00e3o sejam submissas, que alcancem a pr\u00f3pria independ\u00eancia, conquistando seu espa\u00e7o e sendo, cada vez mais, valorizada em todas as \u00e1reas\u0094.<br>Fi\u00e9is da Assembleia de Deus fizeram uma apresenta\u00e7\u00e3o, em que parte do louvor entoado falava sobre a marcha das mulheres: \u0093Mulher marcha, ent\u00e3o marcha \/ N\u00e3o pare de lutar essa peleja (&#8230;) \/ Nessa causa, se voc\u00ea n\u00e3o se entregar \/ No final, voc\u00ea vai triunfar\u0094. Pastor Alexandre fez uma ora\u00e7\u00e3o e uma b\u00ean\u00e7\u00e3o \u00e0s mulheres foi dada pelo vereador Beto Aben\u00e7oado (Solidariedade). Finalizando o evento, o presidente da C\u00e2mara, juntamente com o pastor Marcos Elias e os vereadores \u00c1lvaro Oliveira (PSD) e Bruno Vianna (PSL) distribu\u00edram rosas \u00e0s homenageadas.<\/p>\n","protected":false},"excerpt":{"rendered":"<p>Esta segunda-feira, 8 de Mar\u00e7o, Dia Internacional das Mulheres, foi de homenagear as servidoras da C\u00e2mara Municipal de Campos, uma tradi\u00e7\u00e3o seguida pela atual presid\u00eancia da Casa Legislativa, estendida, este ano, tamb\u00e9m \u00e0s visitantes. A homenagem foi iniciada no plen\u00e1rio, com um culto e distribui\u00e7\u00e3o de rosas brancas e vermelhas pelo presidente F\u00e1bio Ribeiro (PSD) e demais vereadores presentes. A solenidade observou os cuidados e medidas de preven\u00e7\u00e3o \u00e0 Covid-19.O culto foi ministrado pelo vereador Pastar Marcos Elias (PSC) e contou com a apresenta\u00e7\u00e3o do grupo de mulheres da igreja Assembleia de Deus Madureira\/Cidade Luz. O pastor citou Prov\u00e9rbios 31:10 para destacar a import\u00e2ncia da mulher: \u0093Mulher virtuosa, quem a pode achar? Pois o seu valor muito excede ao de joias preciosas\u0094.&#8211; A B\u00edblia define a mulher como um vaso fr\u00e1gil, para destacar a import\u00e2ncia da sua valoriza\u00e7\u00e3o pelo marido, companheiro, pai, irm\u00e3o. A pr\u00f3pria Palavra diz que seu valor excede o valor de um rubi. Ainda que exclu\u00edda da fam\u00edlia ou da sociedade, ou se abandonada por algu\u00e9m, Deus jamais a abandonar\u00e1, Deus a valorizar\u00e1. Deus sabe o valor das mulheres, mas cabe, principalmente, a cada uma despertar sua virtude, se valorizar \u0096 disse o pastor, acrescentando que \u0093enquanto&hellip;<\/p>\n","protected":false},"author":1,"featured_media":4402,"comment_status":"closed","ping_status":"closed","sticky":false,"template":"","format":"standard","meta":{"pgc_sgb_lightbox_settings":"","footnotes":""},"categories":[6,1],"tags":[],"class_list":["post-7762","post","type-post","status-publish","format-standard","has-post-thumbnail","hentry","category-camara","category-legislativo"],"aioseo_notices":[],"rttpg_featured_image_url":{"full":["https:\/\/www.camaracampos.rj.gov.br\/site\/wp-content\/uploads\/2024\/12\/DSC_4195-scaled.jpg",2560,1696,false],"landscape":["https:\/\/www.camaracampos.rj.gov.br\/site\/wp-content\/uploads\/2024\/12\/DSC_4195-scaled.jpg",2560,1696,false],"portraits":["https:\/\/www.camaracampos.rj.gov.br\/site\/wp-content\/uploads\/2024\/12\/DSC_4195-scaled.jpg",2560,1696,false],"thumbnail":["https:\/\/www.camaracampos.rj.gov.br\/site\/wp-content\/uploads\/2024\/12\/DSC_4195-150x150.jpg",150,150,true],"medium":["https:\/\/www.camaracampos.rj.gov.br\/site\/wp-content\/uploads\/2024\/12\/DSC_4195-300x199.jpg",300,199,true],"large":["https:\/\/www.camaracampos.rj.gov.br\/site\/wp-content\/uploads\/2024\/12\/DSC_4195-1024x678.jpg",500,331,true],"1536x1536":["https:\/\/www.camaracampos.rj.gov.br\/site\/wp-content\/uploads\/2024\/12\/DSC_4195-1536x1017.jpg",1536,1017,true],"2048x2048":["https:\/\/www.camaracampos.rj.gov.br\/site\/wp-content\/uploads\/2024\/12\/DSC_4195-2048x1356.jpg",2048,1356,true],"depicter-thumbnail":["https:\/\/www.camaracampos.rj.gov.br\/site\/wp-content\/uploads\/2024\/12\/DSC_4195-200x132.jpg",200,132,true]},"rttpg_author":{"display_name":false,"author_link":"https:\/\/www.camaracampos.rj.gov.br\/site\/author\/camaracampos_vrlte0\/"},"rttpg_comment":0,"rttpg_category":"<a href=\"https:\/\/www.camaracampos.rj.gov.br\/site\/category\/camara\/\" rel=\"category tag\">C\u00e2mara<\/a> <a href=\"https:\/\/www.camaracampos.rj.gov.br\/site\/category\/camara\/legislativo\/\" rel=\"category tag\">Legislativo<\/a>","rttpg_excerpt":"Esta segunda-feira, 8 de Mar\u00e7o, Dia Internacional das Mulheres, foi de homenagear as servidoras da C\u00e2mara Municipal de Campos, uma tradi\u00e7\u00e3o seguida pela atual presid\u00eancia da Casa Legislativa, estendida, este ano, tamb\u00e9m \u00e0s visitantes. A homenagem foi iniciada no plen\u00e1rio, com um culto e distribui\u00e7\u00e3o de rosas brancas e vermelhas pelo presidente F\u00e1bio Ribeiro (PSD)&hellip;","_links":{"self":[{"href":"https:\/\/www.camaracampos.rj.gov.br\/site\/wp-json\/wp\/v2\/posts\/7762","targetHints":{"allow":["GET"]}}],"collection":[{"href":"https:\/\/www.camaracampos.rj.gov.br\/site\/wp-json\/wp\/v2\/posts"}],"about":[{"href":"https:\/\/www.camaracampos.rj.gov.br\/site\/wp-json\/wp\/v2\/types\/post"}],"author":[{"embeddable":true,"href":"https:\/\/www.camaracampos.rj.gov.br\/site\/wp-json\/wp\/v2\/users\/1"}],"replies":[{"embeddable":true,"href":"https:\/\/www.camaracampos.rj.gov.br\/site\/wp-json\/wp\/v2\/comments?post=7762"}],"version-history":[{"count":1,"href":"https:\/\/www.camaracampos.rj.gov.br\/site\/wp-json\/wp\/v2\/posts\/7762\/revisions"}],"predecessor-version":[{"id":7777,"href":"https:\/\/www.camaracampos.rj.gov.br\/site\/wp-json\/wp\/v2\/posts\/7762\/revisions\/7777"}],"wp:featuredmedia":[{"embeddable":true,"href":"https:\/\/www.camaracampos.rj.gov.br\/site\/wp-json\/wp\/v2\/media\/4402"}],"wp:attachment":[{"href":"https:\/\/www.camaracampos.rj.gov.br\/site\/wp-json\/wp\/v2\/media?parent=7762"}],"wp:term":[{"taxonomy":"category","embeddable":true,"href":"https:\/\/www.camaracampos.rj.gov.br\/site\/wp-json\/wp\/v2\/categories?post=7762"},{"taxonomy":"post_tag","embeddable":true,"href":"https:\/\/www.camaracampos.rj.gov.br\/site\/wp-json\/wp\/v2\/tags?post=7762"}],"curies":[{"name":"wp","href":"https:\/\/api.w.org\/{rel}","templated":true}]}}