{"id":7790,"date":"2021-03-17T16:07:00","date_gmt":"2021-03-17T19:07:00","guid":{"rendered":"https:\/\/www.camaracampos.rj.gov.br\/site\/?p=7790"},"modified":"2024-12-21T16:08:11","modified_gmt":"2024-12-21T19:08:11","slug":"camara-restringe-funcionamento-para-prevenir-transmissao-do-novo-coronavirus","status":"publish","type":"post","link":"https:\/\/www.camaracampos.rj.gov.br\/site\/camara-restringe-funcionamento-para-prevenir-transmissao-do-novo-coronavirus\/","title":{"rendered":"C\u00e2mara restringe funcionamento para prevenir transmiss\u00e3o do novo coronavirus"},"content":{"rendered":"\n<p>Na sess\u00e3o ordin\u00e1ria desta quarta-feira (17), foram apresentados novos procedimentos e regras para a preven\u00e7\u00e3o \u00e0 infec\u00e7\u00e3o e propaga\u00e7\u00e3o da Covid-19 na C\u00e2mara Municipal, considerando os dados epidemiol\u00f3gicos de Campos, que j\u00e1 registra 770 \u00f3bitos e mais de 22 mil casos da doen\u00e7a e que, atualmente, em um contexto de segunda onda do novo coronavirus, apresenta \u00edndices crescentes de transmissibilidade e contagiosidade. A sess\u00e3o ainda contou a indica\u00e7\u00e3o de anteprojeto de lei do vereador Dandinho de Rio Preto (PSD), para a cria\u00e7\u00e3o de um memorial em homenagem aos mortos em decorr\u00eancia da Covid.<br>As restri\u00e7\u00f5es, dispostas no Ato Executivo 0038\/2021, come\u00e7am a valer nesta quinta-feira (18), com a publica\u00e7\u00e3o no Di\u00e1rio Oficial do Munic\u00edpio. Entre as medidas, o funcionamento apenas de setores essenciais, com jornada reduzida de 8h as 14h, autoriza\u00e7\u00e3o de trabalho em home office dos setores administrativos, excetuando o de Contabilidade e Gest\u00e3o de Pessoas, al\u00e9m da suspens\u00e3o dos prazos regimentais.<br>Reuni\u00f5es de comiss\u00f5es tem\u00e1ticas ficam suspensas por prazo indeterminado, assim como atendimentos nos gabinetes dos vereadores. Cada gabinete passa a funcionar com tr\u00eas servidores, no m\u00e1ximo, j\u00e1 incluindo o vereador. As audi\u00eancias p\u00fablicas previamente agendadas ser\u00e3o realizadas no plen\u00e1rio da C\u00e2mara, sem p\u00fablico presente. Duas delas j\u00e1 est\u00e3o autorizadas: a audi\u00eancia da presta\u00e7\u00e3o de contas do primeiro trimestre de 2021 da Sa\u00fade Municipal, no dia 1\u00b0 do pr\u00f3ximo m\u00eas e a de presta\u00e7\u00e3o de contas da concession\u00e1ria de servi\u00e7os de saneamento b\u00e1sico, \u00c1guas do Para\u00edba, dos exerc\u00edcios 2018, 2019 e 2020, no dia 8 de abril.<br>&#8211; Na sess\u00e3o de ontem (ter\u00e7a, 16), foi feita uma consulta e a maioria dos vereadores votaram por manter a sess\u00e3o no plen\u00e1rio, restrita aos vereadores e apenas ao pessoal de apoio. Hoje, nova consulta confirmou que os vereadores querem as sess\u00f5es presenciais, mas, desde j\u00e1, sempre priorizando a vida e respeitando as regras e orienta\u00e7\u00f5es sanit\u00e1rias, foi definido que, havendo algum fato ou medida p\u00fablica que justifique a altera\u00e7\u00e3o, as sess\u00f5es passar\u00e3o automaticamente a serem realizadas de forma virtual, somente online \u0096 ressaltou o presidente da C\u00e2mara, F\u00e1bio Ribeiro (PSD), que obteve o voto favor\u00e1vel de todos os vereadores presentes, com exce\u00e7\u00e3o de Dr. Abdu Neme (Avante), Marquinho Transporte (PDT), Fred Machado (Cidadania), Beto Aben\u00e7oado (Solidariedade), Kassiano Tavares (PSD) e Pastor Marcos Elias (PSC), que justificaram a aus\u00eancia.<br>Memorial \u0096 Foi aprovada por unanimidade a indica\u00e7\u00e3o legislativa do vereador Dandinho de Rio Preto, que autoriza o Poder Executivo a criar o memorial em homenagem os campistas que contra\u00edram o novo coronavirus e faleceram em decorr\u00eancia da doen\u00e7a. \u0093O objetivo \u00e9 criar um memorial em homenagem aos pacientes vitimizados pela Covid, mas o memorial tamb\u00e9m \u00e9 uma forma de homenagear familiares e amigos dessas vitimas, que n\u00e3o tiveram uma chance digna de despedida, e, ainda, de conscientizar a popula\u00e7\u00e3o, em tempo de pandemia, da necessidade de seguir os protocolos sanit\u00e1rios\u0094, destacou Dandinho na apresenta\u00e7\u00e3o do anteprojeto elogiado por todos os colegas, em especial por J\u00f4 de Urura\u00ed, que perdeu a irm\u00e3 para a Covid-19 e Bruno Vianna, que contou, na tribuna, que o mais triste foi, de fato, n\u00e3o ter tido a oportunidade de se despedir do pai, Gil Vianna.<\/p>\n","protected":false},"excerpt":{"rendered":"<p>Na sess\u00e3o ordin\u00e1ria desta quarta-feira (17), foram apresentados novos procedimentos e regras para a preven\u00e7\u00e3o \u00e0 infec\u00e7\u00e3o e propaga\u00e7\u00e3o da Covid-19 na C\u00e2mara Municipal, considerando os dados epidemiol\u00f3gicos de Campos, que j\u00e1 registra 770 \u00f3bitos e mais de 22 mil casos da doen\u00e7a e que, atualmente, em um contexto de segunda onda do novo coronavirus, apresenta \u00edndices crescentes de transmissibilidade e contagiosidade. A sess\u00e3o ainda contou a indica\u00e7\u00e3o de anteprojeto de lei do vereador Dandinho de Rio Preto (PSD), para a cria\u00e7\u00e3o de um memorial em homenagem aos mortos em decorr\u00eancia da Covid.As restri\u00e7\u00f5es, dispostas no Ato Executivo 0038\/2021, come\u00e7am a valer nesta quinta-feira (18), com a publica\u00e7\u00e3o no Di\u00e1rio Oficial do Munic\u00edpio. Entre as medidas, o funcionamento apenas de setores essenciais, com jornada reduzida de 8h as 14h, autoriza\u00e7\u00e3o de trabalho em home office dos setores administrativos, excetuando o de Contabilidade e Gest\u00e3o de Pessoas, al\u00e9m da suspens\u00e3o dos prazos regimentais.Reuni\u00f5es de comiss\u00f5es tem\u00e1ticas ficam suspensas por prazo indeterminado, assim como atendimentos nos gabinetes dos vereadores. Cada gabinete passa a funcionar com tr\u00eas servidores, no m\u00e1ximo, j\u00e1 incluindo o vereador. As audi\u00eancias p\u00fablicas previamente agendadas ser\u00e3o realizadas no plen\u00e1rio da C\u00e2mara, sem p\u00fablico presente. Duas delas j\u00e1 est\u00e3o autorizadas:&hellip;<\/p>\n","protected":false},"author":1,"featured_media":3258,"comment_status":"closed","ping_status":"0","sticky":false,"template":"","format":"standard","meta":{"pgc_sgb_lightbox_settings":"","footnotes":""},"categories":[6,1],"tags":[],"class_list":["post-7790","post","type-post","status-publish","format-standard","has-post-thumbnail","hentry","category-camara","category-legislativo"],"aioseo_notices":[],"rttpg_featured_image_url":{"full":["https:\/\/www.camaracampos.rj.gov.br\/site\/wp-content\/uploads\/2024\/11\/camara-foto-check-7-scaled.jpg",2560,1695,false],"landscape":["https:\/\/www.camaracampos.rj.gov.br\/site\/wp-content\/uploads\/2024\/11\/camara-foto-check-7-scaled.jpg",2560,1695,false],"portraits":["https:\/\/www.camaracampos.rj.gov.br\/site\/wp-content\/uploads\/2024\/11\/camara-foto-check-7-scaled.jpg",2560,1695,false],"thumbnail":["https:\/\/www.camaracampos.rj.gov.br\/site\/wp-content\/uploads\/2024\/11\/camara-foto-check-7-150x150.jpg",150,150,true],"medium":["https:\/\/www.camaracampos.rj.gov.br\/site\/wp-content\/uploads\/2024\/11\/camara-foto-check-7-300x199.jpg",300,199,true],"large":["https:\/\/www.camaracampos.rj.gov.br\/site\/wp-content\/uploads\/2024\/11\/camara-foto-check-7-1024x678.jpg",500,331,true],"1536x1536":["https:\/\/www.camaracampos.rj.gov.br\/site\/wp-content\/uploads\/2024\/11\/camara-foto-check-7-1536x1017.jpg",1536,1017,true],"2048x2048":["https:\/\/www.camaracampos.rj.gov.br\/site\/wp-content\/uploads\/2024\/11\/camara-foto-check-7-2048x1356.jpg",2048,1356,true],"depicter-thumbnail":["https:\/\/www.camaracampos.rj.gov.br\/site\/wp-content\/uploads\/2024\/11\/camara-foto-check-7-200x132.jpg",200,132,true]},"rttpg_author":{"display_name":false,"author_link":"https:\/\/www.camaracampos.rj.gov.br\/site\/author\/camaracampos_vrlte0\/"},"rttpg_comment":0,"rttpg_category":"<a href=\"https:\/\/www.camaracampos.rj.gov.br\/site\/category\/camara\/\" rel=\"category tag\">C\u00e2mara<\/a> <a href=\"https:\/\/www.camaracampos.rj.gov.br\/site\/category\/camara\/legislativo\/\" rel=\"category tag\">Legislativo<\/a>","rttpg_excerpt":"Na sess\u00e3o ordin\u00e1ria desta quarta-feira (17), foram apresentados novos procedimentos e regras para a preven\u00e7\u00e3o \u00e0 infec\u00e7\u00e3o e propaga\u00e7\u00e3o da Covid-19 na C\u00e2mara Municipal, considerando os dados epidemiol\u00f3gicos de Campos, que j\u00e1 registra 770 \u00f3bitos e mais de 22 mil casos da doen\u00e7a e que, atualmente, em um contexto de segunda onda do novo coronavirus,&hellip;","_links":{"self":[{"href":"https:\/\/www.camaracampos.rj.gov.br\/site\/wp-json\/wp\/v2\/posts\/7790","targetHints":{"allow":["GET"]}}],"collection":[{"href":"https:\/\/www.camaracampos.rj.gov.br\/site\/wp-json\/wp\/v2\/posts"}],"about":[{"href":"https:\/\/www.camaracampos.rj.gov.br\/site\/wp-json\/wp\/v2\/types\/post"}],"author":[{"embeddable":true,"href":"https:\/\/www.camaracampos.rj.gov.br\/site\/wp-json\/wp\/v2\/users\/1"}],"replies":[{"embeddable":true,"href":"https:\/\/www.camaracampos.rj.gov.br\/site\/wp-json\/wp\/v2\/comments?post=7790"}],"version-history":[{"count":1,"href":"https:\/\/www.camaracampos.rj.gov.br\/site\/wp-json\/wp\/v2\/posts\/7790\/revisions"}],"predecessor-version":[{"id":7794,"href":"https:\/\/www.camaracampos.rj.gov.br\/site\/wp-json\/wp\/v2\/posts\/7790\/revisions\/7794"}],"wp:featuredmedia":[{"embeddable":true,"href":"https:\/\/www.camaracampos.rj.gov.br\/site\/wp-json\/wp\/v2\/media\/3258"}],"wp:attachment":[{"href":"https:\/\/www.camaracampos.rj.gov.br\/site\/wp-json\/wp\/v2\/media?parent=7790"}],"wp:term":[{"taxonomy":"category","embeddable":true,"href":"https:\/\/www.camaracampos.rj.gov.br\/site\/wp-json\/wp\/v2\/categories?post=7790"},{"taxonomy":"post_tag","embeddable":true,"href":"https:\/\/www.camaracampos.rj.gov.br\/site\/wp-json\/wp\/v2\/tags?post=7790"}],"curies":[{"name":"wp","href":"https:\/\/api.w.org\/{rel}","templated":true}]}}