{"id":7793,"date":"2021-03-26T16:07:00","date_gmt":"2021-03-26T19:07:00","guid":{"rendered":"https:\/\/www.camaracampos.rj.gov.br\/site\/?p=7793"},"modified":"2024-12-21T16:13:22","modified_gmt":"2024-12-21T19:13:22","slug":"cpis-do-transporte-e-da-saude-em-andamento-na-camara-de-campos","status":"publish","type":"post","link":"https:\/\/www.camaracampos.rj.gov.br\/site\/cpis-do-transporte-e-da-saude-em-andamento-na-camara-de-campos\/","title":{"rendered":"CPIs do Transporte e da Sa\u00fade em andamento na C\u00e2mara de Campos"},"content":{"rendered":"\n<p>A C\u00e2mara de Campos est\u00e1 apurando poss\u00edveis irregularidades em atos e contratos executados entre os anos de 2017 e 2020 no setor de transporte e da sa\u00fade. Duas Comiss\u00f5es Parlamentar de Inqu\u00e9rito foram instaladas e uma terceira, da educa\u00e7\u00e3o, j\u00e1 foi anunciada e deve ser votada em sess\u00e3o ordin\u00e1ria nos pr\u00f3ximos dias. Os membros das CPIs se re\u00fanem semanalmente dando andamento \u00e0s averigua\u00e7\u00f5es. A CPI do Transporte \u00e9 presidida pelo vereador Thiago Rangel (Pros) e tem como relator o vereador Rog\u00e9rio Matoso (DEM), contando com a participa\u00e7\u00e3o dos colegas da Legislatura Municipal Dandinho de Rio Preto (PSD) e Nildo Cardoso (PSL). J\u00e1 a CPI da Sa\u00fade tem como presidente o vereador Juninho Virg\u00edlio (Pros) e relator o edil \u00c1lvaro Oliveira (PSD), al\u00e9m de contar com a participa\u00e7\u00e3o Leon Gomes (PDT), Pastor Marcos Elias (PSBC) e Marquinhos Bacellar (Solidariedade).<\/p>\n\n\n\n<p>As reuni\u00f5es das CPIs acontecem semanalmente, sob sigilo. \u0093Regimentalmente, por lei, \u00e9 proibida qualquer divulga\u00e7\u00e3o do conte\u00fado que est\u00e1 sendo investigado. Qualquer vazamento de informa\u00e7\u00f5es internas prejudica o andamento da comiss\u00e3o. Tudo que \u00e9 feito nas reuni\u00f5es das comiss\u00f5es n\u00e3o pode ser divulgado, sob pena de anula\u00e7\u00e3o da pr\u00f3pria CPI\u0094, explicou o procurador Geral da C\u00e2mara, Bruno Gomes.<\/p>\n\n\n\n<p>As CPIs foram implantadas com prazo de 90 dias, prorrog\u00e1vel por mais 90. O presidente da CPI do Transporte detalha os objetos da investiga\u00e7\u00e3o. \u0093Vamos averiguar, nos contratos firmados ente o Instituto Municipal de Tr\u00e2nsito e Transporte (IMTT) e a empresa Billing Pay, poss\u00edveis irregularidades que tenham gerado preju\u00edzo \u00e0 municipalidade\u0094, explicou o vereador Thiago Rangel.<br>Vice-presidente da C\u00e2mara Municipal, o vereador Juninho Virg\u00edlio explica a CPI da Sa\u00fade:<\/p>\n\n\n\n<p>&#8211; N\u00e3o \u00e9 uma ca\u00e7a \u00e0s bruxas e, sim, uma busca por informa\u00e7\u00f5es, dentro da legalidade, da Secretaria Municipal de Sa\u00fade. Somente no \u00faltimo ano do governo passado, foram gastos mais de R$ 800 milh\u00f5es na Sa\u00fade. Nos quatro anos do governo Rafael Diniz, foram mais de R$ 2 bilh\u00f5es gastos na Sa\u00fade. O objetivo da CPI \u00e9 dar uma resposta \u00e0 popula\u00e7\u00e3o, porque o resultado desses gastos n\u00e3o foi sentido pela popula\u00e7\u00e3o, n\u00e3o foi sentido \u0091nas ruas\u0092. Precisamos investigar aonde e como esses valores foram gastos e, havendo irregularidades, que o culpado pague por elas &#8211; disse o presidente da CPI da Sa\u00fade.<\/p>\n\n\n\n<p>Sobre Comiss\u00f5es Parlamentares de Inqu\u00e9rito, os vereadores da Casa j\u00e1 mencionaram a CPI da Educa\u00e7\u00e3o, tamb\u00e9m para averiguar gastos do governo passado na \u00e1rea, que ainda ser\u00e1 votada em plen\u00e1rio. Na sess\u00e3o ordin\u00e1ria da \u00faltima quarta-feira (24), os vereadores anunciaram a inten\u00e7\u00e3o de instaura\u00e7\u00e3o de uma quarta CPI, para verificar contratos do munic\u00edpio com a concession\u00e1ria \u00c1guas do Para\u00edba.<\/p>\n","protected":false},"excerpt":{"rendered":"<p>A C\u00e2mara de Campos est\u00e1 apurando poss\u00edveis irregularidades em atos e contratos executados entre os anos de 2017 e 2020 no setor de transporte e da sa\u00fade. Duas Comiss\u00f5es Parlamentar de Inqu\u00e9rito foram instaladas e uma terceira, da educa\u00e7\u00e3o, j\u00e1 foi anunciada e deve ser votada em sess\u00e3o ordin\u00e1ria nos pr\u00f3ximos dias. Os membros das CPIs se re\u00fanem semanalmente dando andamento \u00e0s averigua\u00e7\u00f5es. A CPI do Transporte \u00e9 presidida pelo vereador Thiago Rangel (Pros) e tem como relator o vereador Rog\u00e9rio Matoso (DEM), contando com a participa\u00e7\u00e3o dos colegas da Legislatura Municipal Dandinho de Rio Preto (PSD) e Nildo Cardoso (PSL). J\u00e1 a CPI da Sa\u00fade tem como presidente o vereador Juninho Virg\u00edlio (Pros) e relator o edil \u00c1lvaro Oliveira (PSD), al\u00e9m de contar com a participa\u00e7\u00e3o Leon Gomes (PDT), Pastor Marcos Elias (PSBC) e Marquinhos Bacellar (Solidariedade). As reuni\u00f5es das CPIs acontecem semanalmente, sob sigilo. \u0093Regimentalmente, por lei, \u00e9 proibida qualquer divulga\u00e7\u00e3o do conte\u00fado que est\u00e1 sendo investigado. Qualquer vazamento de informa\u00e7\u00f5es internas prejudica o andamento da comiss\u00e3o. Tudo que \u00e9 feito nas reuni\u00f5es das comiss\u00f5es n\u00e3o pode ser divulgado, sob pena de anula\u00e7\u00e3o da pr\u00f3pria CPI\u0094, explicou o procurador Geral da C\u00e2mara, Bruno Gomes. As CPIs foram implantadas&hellip;<\/p>\n","protected":false},"author":1,"featured_media":3258,"comment_status":"closed","ping_status":"0","sticky":false,"template":"","format":"standard","meta":{"pgc_sgb_lightbox_settings":"","footnotes":""},"categories":[6,1],"tags":[],"class_list":["post-7793","post","type-post","status-publish","format-standard","has-post-thumbnail","hentry","category-camara","category-legislativo"],"aioseo_notices":[],"rttpg_featured_image_url":{"full":["https:\/\/www.camaracampos.rj.gov.br\/site\/wp-content\/uploads\/2024\/11\/camara-foto-check-7-scaled.jpg",2560,1695,false],"landscape":["https:\/\/www.camaracampos.rj.gov.br\/site\/wp-content\/uploads\/2024\/11\/camara-foto-check-7-scaled.jpg",2560,1695,false],"portraits":["https:\/\/www.camaracampos.rj.gov.br\/site\/wp-content\/uploads\/2024\/11\/camara-foto-check-7-scaled.jpg",2560,1695,false],"thumbnail":["https:\/\/www.camaracampos.rj.gov.br\/site\/wp-content\/uploads\/2024\/11\/camara-foto-check-7-150x150.jpg",150,150,true],"medium":["https:\/\/www.camaracampos.rj.gov.br\/site\/wp-content\/uploads\/2024\/11\/camara-foto-check-7-300x199.jpg",300,199,true],"large":["https:\/\/www.camaracampos.rj.gov.br\/site\/wp-content\/uploads\/2024\/11\/camara-foto-check-7-1024x678.jpg",500,331,true],"1536x1536":["https:\/\/www.camaracampos.rj.gov.br\/site\/wp-content\/uploads\/2024\/11\/camara-foto-check-7-1536x1017.jpg",1536,1017,true],"2048x2048":["https:\/\/www.camaracampos.rj.gov.br\/site\/wp-content\/uploads\/2024\/11\/camara-foto-check-7-2048x1356.jpg",2048,1356,true],"depicter-thumbnail":["https:\/\/www.camaracampos.rj.gov.br\/site\/wp-content\/uploads\/2024\/11\/camara-foto-check-7-200x132.jpg",200,132,true]},"rttpg_author":{"display_name":false,"author_link":"https:\/\/www.camaracampos.rj.gov.br\/site\/author\/camaracampos_vrlte0\/"},"rttpg_comment":0,"rttpg_category":"<a href=\"https:\/\/www.camaracampos.rj.gov.br\/site\/category\/camara\/\" rel=\"category tag\">C\u00e2mara<\/a> <a href=\"https:\/\/www.camaracampos.rj.gov.br\/site\/category\/camara\/legislativo\/\" rel=\"category tag\">Legislativo<\/a>","rttpg_excerpt":"A C\u00e2mara de Campos est\u00e1 apurando poss\u00edveis irregularidades em atos e contratos executados entre os anos de 2017 e 2020 no setor de transporte e da sa\u00fade. Duas Comiss\u00f5es Parlamentar de Inqu\u00e9rito foram instaladas e uma terceira, da educa\u00e7\u00e3o, j\u00e1 foi anunciada e deve ser votada em sess\u00e3o ordin\u00e1ria nos pr\u00f3ximos dias. Os membros das&hellip;","_links":{"self":[{"href":"https:\/\/www.camaracampos.rj.gov.br\/site\/wp-json\/wp\/v2\/posts\/7793","targetHints":{"allow":["GET"]}}],"collection":[{"href":"https:\/\/www.camaracampos.rj.gov.br\/site\/wp-json\/wp\/v2\/posts"}],"about":[{"href":"https:\/\/www.camaracampos.rj.gov.br\/site\/wp-json\/wp\/v2\/types\/post"}],"author":[{"embeddable":true,"href":"https:\/\/www.camaracampos.rj.gov.br\/site\/wp-json\/wp\/v2\/users\/1"}],"replies":[{"embeddable":true,"href":"https:\/\/www.camaracampos.rj.gov.br\/site\/wp-json\/wp\/v2\/comments?post=7793"}],"version-history":[{"count":1,"href":"https:\/\/www.camaracampos.rj.gov.br\/site\/wp-json\/wp\/v2\/posts\/7793\/revisions"}],"predecessor-version":[{"id":7798,"href":"https:\/\/www.camaracampos.rj.gov.br\/site\/wp-json\/wp\/v2\/posts\/7793\/revisions\/7798"}],"wp:featuredmedia":[{"embeddable":true,"href":"https:\/\/www.camaracampos.rj.gov.br\/site\/wp-json\/wp\/v2\/media\/3258"}],"wp:attachment":[{"href":"https:\/\/www.camaracampos.rj.gov.br\/site\/wp-json\/wp\/v2\/media?parent=7793"}],"wp:term":[{"taxonomy":"category","embeddable":true,"href":"https:\/\/www.camaracampos.rj.gov.br\/site\/wp-json\/wp\/v2\/categories?post=7793"},{"taxonomy":"post_tag","embeddable":true,"href":"https:\/\/www.camaracampos.rj.gov.br\/site\/wp-json\/wp\/v2\/tags?post=7793"}],"curies":[{"name":"wp","href":"https:\/\/api.w.org\/{rel}","templated":true}]}}