{"id":8227,"date":"2025-06-23T12:50:00","date_gmt":"2025-06-23T15:50:00","guid":{"rendered":"https:\/\/www.camaracampos.rj.gov.br\/site\/?p=8227"},"modified":"2025-06-23T14:04:43","modified_gmt":"2025-06-23T17:04:43","slug":"seguranca-publica-sera-tema-de-audiencia","status":"publish","type":"post","link":"https:\/\/www.camaracampos.rj.gov.br\/site\/seguranca-publica-sera-tema-de-audiencia\/","title":{"rendered":"Seguran\u00e7a p\u00fablica ser\u00e1 tema de audi\u00eancia"},"content":{"rendered":"\n<p>A C\u00e2mara Municipal de Campos dos Goytacazes vai realizar audi\u00eancia p\u00fablica nesta segunda-feira (23), \u00e0s 14h, para discutir a seguran\u00e7a p\u00fablica no munic\u00edpio. O Requerimento \u00e9 do vereador Rog\u00e9rio Matoso (Solidariedade).<\/p>\n\n\n\n<p>A audi\u00eancia ser\u00e1 transmitida, ao vivo, pela TV C\u00e2mara Campos e pelo canal no <a href=\"https:\/\/www.youtube.com\/c\/TvC%C3%A2maraCampos\" target=\"_blank\" rel=\"noopener\" title=\"\">YouTube<\/a>.<\/p>\n\n\n\n<figure class=\"wp-block-image size-large\"><img fetchpriority=\"high\" decoding=\"async\" width=\"400\" height=\"500\" src=\"https:\/\/www.camaracampos.rj.gov.br\/site\/wp-content\/uploads\/2025\/06\/audiencia-seguranca-400x500.png\" alt=\"\" class=\"wp-image-8228\" srcset=\"https:\/\/www.camaracampos.rj.gov.br\/site\/wp-content\/uploads\/2025\/06\/audiencia-seguranca-400x500.png 400w, https:\/\/www.camaracampos.rj.gov.br\/site\/wp-content\/uploads\/2025\/06\/audiencia-seguranca-240x300.png 240w, https:\/\/www.camaracampos.rj.gov.br\/site\/wp-content\/uploads\/2025\/06\/audiencia-seguranca-768x960.png 768w, https:\/\/www.camaracampos.rj.gov.br\/site\/wp-content\/uploads\/2025\/06\/audiencia-seguranca-200x250.png 200w, https:\/\/www.camaracampos.rj.gov.br\/site\/wp-content\/uploads\/2025\/06\/audiencia-seguranca.png 1080w\" sizes=\"(max-width: 400px) 100vw, 400px\" \/><\/figure>\n","protected":false},"excerpt":{"rendered":"<p>A C\u00e2mara Municipal de Campos dos Goytacazes vai realizar audi\u00eancia p\u00fablica nesta segunda-feira (23), \u00e0s 14h, para discutir a seguran\u00e7a p\u00fablica no munic\u00edpio. O Requerimento \u00e9 do vereador Rog\u00e9rio Matoso (Solidariedade). A audi\u00eancia ser\u00e1 transmitida, ao vivo, pela TV C\u00e2mara Campos e pelo canal no YouTube.<\/p>\n","protected":false},"author":2,"featured_media":7901,"comment_status":"closed","ping_status":"0","sticky":false,"template":"","format":"standard","meta":{"pgc_sgb_lightbox_settings":"","footnotes":""},"categories":[6,1],"tags":[],"class_list":["post-8227","post","type-post","status-publish","format-standard","has-post-thumbnail","hentry","category-camara","category-legislativo"],"aioseo_notices":[],"rttpg_featured_image_url":{"full":["https:\/\/www.camaracampos.rj.gov.br\/site\/wp-content\/uploads\/2025\/04\/Camara-Palacio-2025-scaled.jpg",2560,1707,false],"landscape":["https:\/\/www.camaracampos.rj.gov.br\/site\/wp-content\/uploads\/2025\/04\/Camara-Palacio-2025-scaled.jpg",2560,1707,false],"portraits":["https:\/\/www.camaracampos.rj.gov.br\/site\/wp-content\/uploads\/2025\/04\/Camara-Palacio-2025-scaled.jpg",2560,1707,false],"thumbnail":["https:\/\/www.camaracampos.rj.gov.br\/site\/wp-content\/uploads\/2025\/04\/Camara-Palacio-2025-150x150.jpg",150,150,true],"medium":["https:\/\/www.camaracampos.rj.gov.br\/site\/wp-content\/uploads\/2025\/04\/Camara-Palacio-2025-300x200.jpg",300,200,true],"large":["https:\/\/www.camaracampos.rj.gov.br\/site\/wp-content\/uploads\/2025\/04\/Camara-Palacio-2025-1024x683.jpg",500,333,true],"1536x1536":["https:\/\/www.camaracampos.rj.gov.br\/site\/wp-content\/uploads\/2025\/04\/Camara-Palacio-2025-1536x1024.jpg",1536,1024,true],"2048x2048":["https:\/\/www.camaracampos.rj.gov.br\/site\/wp-content\/uploads\/2025\/04\/Camara-Palacio-2025-2048x1365.jpg",2048,1365,true],"depicter-thumbnail":["https:\/\/www.camaracampos.rj.gov.br\/site\/wp-content\/uploads\/2025\/04\/Camara-Palacio-2025-200x133.jpg",200,133,true]},"rttpg_author":{"display_name":false,"author_link":"https:\/\/www.camaracampos.rj.gov.br\/site\/author\/lohaynne\/"},"rttpg_comment":0,"rttpg_category":"<a href=\"https:\/\/www.camaracampos.rj.gov.br\/site\/category\/camara\/\" rel=\"category tag\">C\u00e2mara<\/a> <a href=\"https:\/\/www.camaracampos.rj.gov.br\/site\/category\/camara\/legislativo\/\" rel=\"category tag\">Legislativo<\/a>","rttpg_excerpt":"A C\u00e2mara Municipal de Campos dos Goytacazes vai realizar audi\u00eancia p\u00fablica nesta segunda-feira (23), \u00e0s 14h, para discutir a seguran\u00e7a p\u00fablica no munic\u00edpio. O Requerimento \u00e9 do vereador Rog\u00e9rio Matoso (Solidariedade). A audi\u00eancia ser\u00e1 transmitida, ao vivo, pela TV C\u00e2mara Campos e pelo canal no YouTube.","_links":{"self":[{"href":"https:\/\/www.camaracampos.rj.gov.br\/site\/wp-json\/wp\/v2\/posts\/8227","targetHints":{"allow":["GET"]}}],"collection":[{"href":"https:\/\/www.camaracampos.rj.gov.br\/site\/wp-json\/wp\/v2\/posts"}],"about":[{"href":"https:\/\/www.camaracampos.rj.gov.br\/site\/wp-json\/wp\/v2\/types\/post"}],"author":[{"embeddable":true,"href":"https:\/\/www.camaracampos.rj.gov.br\/site\/wp-json\/wp\/v2\/users\/2"}],"replies":[{"embeddable":true,"href":"https:\/\/www.camaracampos.rj.gov.br\/site\/wp-json\/wp\/v2\/comments?post=8227"}],"version-history":[{"count":2,"href":"https:\/\/www.camaracampos.rj.gov.br\/site\/wp-json\/wp\/v2\/posts\/8227\/revisions"}],"predecessor-version":[{"id":8231,"href":"https:\/\/www.camaracampos.rj.gov.br\/site\/wp-json\/wp\/v2\/posts\/8227\/revisions\/8231"}],"wp:featuredmedia":[{"embeddable":true,"href":"https:\/\/www.camaracampos.rj.gov.br\/site\/wp-json\/wp\/v2\/media\/7901"}],"wp:attachment":[{"href":"https:\/\/www.camaracampos.rj.gov.br\/site\/wp-json\/wp\/v2\/media?parent=8227"}],"wp:term":[{"taxonomy":"category","embeddable":true,"href":"https:\/\/www.camaracampos.rj.gov.br\/site\/wp-json\/wp\/v2\/categories?post=8227"},{"taxonomy":"post_tag","embeddable":true,"href":"https:\/\/www.camaracampos.rj.gov.br\/site\/wp-json\/wp\/v2\/tags?post=8227"}],"curies":[{"name":"wp","href":"https:\/\/api.w.org\/{rel}","templated":true}]}}