{"id":8288,"date":"2025-07-08T11:45:00","date_gmt":"2025-07-08T14:45:00","guid":{"rendered":"https:\/\/www.camaracampos.rj.gov.br\/site\/?p=8288"},"modified":"2025-07-08T12:06:15","modified_gmt":"2025-07-08T15:06:15","slug":"camara-publicada-convocacao-de-nea-terra","status":"publish","type":"post","link":"https:\/\/www.camaracampos.rj.gov.br\/site\/camara-publicada-convocacao-de-nea-terra\/","title":{"rendered":"C\u00e2mara publica convoca\u00e7\u00e3o de N\u00e9a Terra"},"content":{"rendered":"\n<p>A C\u00e2mara Municipal de Campos dos Goytacazes publicou no Di\u00e1rio Oficial desta ter\u00e7a-feira (08), a convoca\u00e7\u00e3o da Sra. Valdin\u00e9a Duarte Terra (N\u00e9a Terra), na condi\u00e7\u00e3o de segunda suplente do PROGRESSISTAS (PP), a partir do dia 11\/07\/2025.<\/p>\n\n\n\n<p>N\u00e9a Terra \u00e9 convocada para ocupar a vaga do Sr. Wainer Teixeira de Castro, nomeado Secret\u00e1rio Municipal de Gest\u00e3o de Pessoas e Governan\u00e7a Digital.<\/p>\n\n\n\n<figure class=\"wp-block-image size-large\"><img fetchpriority=\"high\" decoding=\"async\" width=\"500\" height=\"122\" src=\"https:\/\/www.camaracampos.rj.gov.br\/site\/wp-content\/uploads\/2025\/07\/ato-executivo-0055-2025-500x122.jpg\" alt=\"\" class=\"wp-image-8291\" srcset=\"https:\/\/www.camaracampos.rj.gov.br\/site\/wp-content\/uploads\/2025\/07\/ato-executivo-0055-2025-500x122.jpg 500w, https:\/\/www.camaracampos.rj.gov.br\/site\/wp-content\/uploads\/2025\/07\/ato-executivo-0055-2025-300x73.jpg 300w, https:\/\/www.camaracampos.rj.gov.br\/site\/wp-content\/uploads\/2025\/07\/ato-executivo-0055-2025-768x188.jpg 768w, https:\/\/www.camaracampos.rj.gov.br\/site\/wp-content\/uploads\/2025\/07\/ato-executivo-0055-2025-200x49.jpg 200w, https:\/\/www.camaracampos.rj.gov.br\/site\/wp-content\/uploads\/2025\/07\/ato-executivo-0055-2025.jpg 1315w\" sizes=\"(max-width: 500px) 100vw, 500px\" \/><\/figure>\n","protected":false},"excerpt":{"rendered":"<p>A C\u00e2mara Municipal de Campos dos Goytacazes publicou no Di\u00e1rio Oficial desta ter\u00e7a-feira (08), a convoca\u00e7\u00e3o da Sra. Valdin\u00e9a Duarte Terra (N\u00e9a Terra), na condi\u00e7\u00e3o de segunda suplente do PROGRESSISTAS (PP), a partir do dia 11\/07\/2025. N\u00e9a Terra \u00e9 convocada para ocupar a vaga do Sr. Wainer Teixeira de Castro, nomeado Secret\u00e1rio Municipal de Gest\u00e3o de Pessoas e Governan\u00e7a Digital.<\/p>\n","protected":false},"author":2,"featured_media":8289,"comment_status":"closed","ping_status":"0","sticky":false,"template":"","format":"standard","meta":{"pgc_sgb_lightbox_settings":"","footnotes":""},"categories":[6,1],"tags":[],"class_list":["post-8288","post","type-post","status-publish","format-standard","has-post-thumbnail","hentry","category-camara","category-legislativo"],"aioseo_notices":[],"rttpg_featured_image_url":{"full":["https:\/\/www.camaracampos.rj.gov.br\/site\/wp-content\/uploads\/2025\/07\/plenariocamara-zoom.jpg",838,751,false],"landscape":["https:\/\/www.camaracampos.rj.gov.br\/site\/wp-content\/uploads\/2025\/07\/plenariocamara-zoom.jpg",838,751,false],"portraits":["https:\/\/www.camaracampos.rj.gov.br\/site\/wp-content\/uploads\/2025\/07\/plenariocamara-zoom.jpg",838,751,false],"thumbnail":["https:\/\/www.camaracampos.rj.gov.br\/site\/wp-content\/uploads\/2025\/07\/plenariocamara-zoom-150x150.jpg",150,150,true],"medium":["https:\/\/www.camaracampos.rj.gov.br\/site\/wp-content\/uploads\/2025\/07\/plenariocamara-zoom-300x269.jpg",300,269,true],"large":["https:\/\/www.camaracampos.rj.gov.br\/site\/wp-content\/uploads\/2025\/07\/plenariocamara-zoom-500x448.jpg",500,448,true],"1536x1536":["https:\/\/www.camaracampos.rj.gov.br\/site\/wp-content\/uploads\/2025\/07\/plenariocamara-zoom.jpg",838,751,false],"2048x2048":["https:\/\/www.camaracampos.rj.gov.br\/site\/wp-content\/uploads\/2025\/07\/plenariocamara-zoom.jpg",838,751,false],"depicter-thumbnail":["https:\/\/www.camaracampos.rj.gov.br\/site\/wp-content\/uploads\/2025\/07\/plenariocamara-zoom-200x179.jpg",200,179,true]},"rttpg_author":{"display_name":false,"author_link":"https:\/\/www.camaracampos.rj.gov.br\/site\/author\/lohaynne\/"},"rttpg_comment":0,"rttpg_category":"<a href=\"https:\/\/www.camaracampos.rj.gov.br\/site\/category\/camara\/\" rel=\"category tag\">C\u00e2mara<\/a> <a href=\"https:\/\/www.camaracampos.rj.gov.br\/site\/category\/camara\/legislativo\/\" rel=\"category tag\">Legislativo<\/a>","rttpg_excerpt":"A C\u00e2mara Municipal de Campos dos Goytacazes publicou no Di\u00e1rio Oficial desta ter\u00e7a-feira (08), a convoca\u00e7\u00e3o da Sra. Valdin\u00e9a Duarte Terra (N\u00e9a Terra), na condi\u00e7\u00e3o de segunda suplente do PROGRESSISTAS (PP), a partir do dia 11\/07\/2025. N\u00e9a Terra \u00e9 convocada para ocupar a vaga do Sr. Wainer Teixeira de Castro, nomeado Secret\u00e1rio Municipal de Gest\u00e3o&hellip;","_links":{"self":[{"href":"https:\/\/www.camaracampos.rj.gov.br\/site\/wp-json\/wp\/v2\/posts\/8288","targetHints":{"allow":["GET"]}}],"collection":[{"href":"https:\/\/www.camaracampos.rj.gov.br\/site\/wp-json\/wp\/v2\/posts"}],"about":[{"href":"https:\/\/www.camaracampos.rj.gov.br\/site\/wp-json\/wp\/v2\/types\/post"}],"author":[{"embeddable":true,"href":"https:\/\/www.camaracampos.rj.gov.br\/site\/wp-json\/wp\/v2\/users\/2"}],"replies":[{"embeddable":true,"href":"https:\/\/www.camaracampos.rj.gov.br\/site\/wp-json\/wp\/v2\/comments?post=8288"}],"version-history":[{"count":4,"href":"https:\/\/www.camaracampos.rj.gov.br\/site\/wp-json\/wp\/v2\/posts\/8288\/revisions"}],"predecessor-version":[{"id":8294,"href":"https:\/\/www.camaracampos.rj.gov.br\/site\/wp-json\/wp\/v2\/posts\/8288\/revisions\/8294"}],"wp:featuredmedia":[{"embeddable":true,"href":"https:\/\/www.camaracampos.rj.gov.br\/site\/wp-json\/wp\/v2\/media\/8289"}],"wp:attachment":[{"href":"https:\/\/www.camaracampos.rj.gov.br\/site\/wp-json\/wp\/v2\/media?parent=8288"}],"wp:term":[{"taxonomy":"category","embeddable":true,"href":"https:\/\/www.camaracampos.rj.gov.br\/site\/wp-json\/wp\/v2\/categories?post=8288"},{"taxonomy":"post_tag","embeddable":true,"href":"https:\/\/www.camaracampos.rj.gov.br\/site\/wp-json\/wp\/v2\/tags?post=8288"}],"curies":[{"name":"wp","href":"https:\/\/api.w.org\/{rel}","templated":true}]}}