{"id":8520,"date":"2025-12-22T15:12:01","date_gmt":"2025-12-22T18:12:01","guid":{"rendered":"https:\/\/www.camaracampos.rj.gov.br\/site\/?p=8520"},"modified":"2025-12-22T15:13:40","modified_gmt":"2025-12-22T18:13:40","slug":"camara-convoca-para-sessao-extraordinaria","status":"publish","type":"post","link":"https:\/\/www.camaracampos.rj.gov.br\/site\/camara-convoca-para-sessao-extraordinaria\/","title":{"rendered":"C\u00e2mara convoca para sess\u00e3o extraordin\u00e1ria"},"content":{"rendered":"\n<p>A C\u00e2mara Municipal de Campos dos Goytacazes convocou sess\u00e3o extraordin\u00e1ria para a pr\u00f3xima quarta-feira (24), \u00e0s 11h30, no plen\u00e1rio. O Ato Executivo n\u00ba 0071\/2025 com a convoca\u00e7\u00e3o foi publicado no suplemento do Di\u00e1rio Oficial nesta segunda-feira (22).<\/p>\n\n\n\n<p>A realiza\u00e7\u00e3o da sess\u00e3o atende ao Of\u00edcio n\u00ba 0191\/2025-SG encaminhado pelo Executivo. Na pauta, ser\u00e1 discutido e votado o Projeto de Lei Complementar n\u00ba 0512\/2025, do Gabinete do Prefeito, que autoriza o parcelamento, pelo Tesouro do Munic\u00edpio de Campos dos Goytacazes, do valor devido ao Fundo Integrado do Regime Pr\u00f3prio de Previd\u00eancia Social \u2013 RPPS, relativo aos cr\u00e9ditos inscritos em d\u00edvida ativa a partir de 1\u00ba de janeiro de 2023 e recebidos no exerc\u00edcio de 2024, nos termos dos artigos 72 e 79 da Lei Complementar n\u00ba 41, de 20 de dezembro de 2024, e d\u00e1 outras provid\u00eancias.<\/p>\n\n\n\n<figure class=\"wp-block-image size-large\"><img fetchpriority=\"high\" decoding=\"async\" width=\"500\" height=\"178\" src=\"https:\/\/www.camaracampos.rj.gov.br\/site\/wp-content\/uploads\/2025\/12\/ato-executivo-0071-2025-extraordinaria-1-500x178.jpg\" alt=\"\" class=\"wp-image-8523\" srcset=\"https:\/\/www.camaracampos.rj.gov.br\/site\/wp-content\/uploads\/2025\/12\/ato-executivo-0071-2025-extraordinaria-1-500x178.jpg 500w, https:\/\/www.camaracampos.rj.gov.br\/site\/wp-content\/uploads\/2025\/12\/ato-executivo-0071-2025-extraordinaria-1-300x107.jpg 300w, https:\/\/www.camaracampos.rj.gov.br\/site\/wp-content\/uploads\/2025\/12\/ato-executivo-0071-2025-extraordinaria-1-768x273.jpg 768w, https:\/\/www.camaracampos.rj.gov.br\/site\/wp-content\/uploads\/2025\/12\/ato-executivo-0071-2025-extraordinaria-1-200x71.jpg 200w, https:\/\/www.camaracampos.rj.gov.br\/site\/wp-content\/uploads\/2025\/12\/ato-executivo-0071-2025-extraordinaria-1.jpg 1156w\" sizes=\"(max-width: 500px) 100vw, 500px\" \/><\/figure>\n","protected":false},"excerpt":{"rendered":"<p>A C\u00e2mara Municipal de Campos dos Goytacazes convocou sess\u00e3o extraordin\u00e1ria para a pr\u00f3xima quarta-feira (24), \u00e0s 11h30, no plen\u00e1rio. O Ato Executivo n\u00ba 0071\/2025 com a convoca\u00e7\u00e3o foi publicado no suplemento do Di\u00e1rio Oficial nesta segunda-feira (22). A realiza\u00e7\u00e3o da sess\u00e3o atende ao Of\u00edcio n\u00ba 0191\/2025-SG encaminhado pelo Executivo. Na pauta, ser\u00e1 discutido e votado o Projeto de Lei Complementar n\u00ba 0512\/2025, do Gabinete do Prefeito, que autoriza o parcelamento, pelo Tesouro do Munic\u00edpio de Campos dos Goytacazes, do valor devido ao Fundo Integrado do Regime Pr\u00f3prio de Previd\u00eancia Social \u2013 RPPS, relativo aos cr\u00e9ditos inscritos em d\u00edvida ativa a partir de 1\u00ba de janeiro de 2023 e recebidos no exerc\u00edcio de 2024, nos termos dos artigos 72 e 79 da Lei Complementar n\u00ba 41, de 20 de dezembro de 2024, e d\u00e1 outras provid\u00eancias.<\/p>\n","protected":false},"author":2,"featured_media":1084,"comment_status":"closed","ping_status":"closed","sticky":false,"template":"","format":"standard","meta":{"pgc_sgb_lightbox_settings":"","footnotes":""},"categories":[6,1],"tags":[],"class_list":["post-8520","post","type-post","status-publish","format-standard","has-post-thumbnail","hentry","category-camara","category-legislativo"],"aioseo_notices":[],"rttpg_featured_image_url":{"full":["https:\/\/www.camaracampos.rj.gov.br\/site\/wp-content\/uploads\/2024\/11\/plenariocamara-1.jpg",1600,1200,false],"landscape":["https:\/\/www.camaracampos.rj.gov.br\/site\/wp-content\/uploads\/2024\/11\/plenariocamara-1.jpg",1600,1200,false],"portraits":["https:\/\/www.camaracampos.rj.gov.br\/site\/wp-content\/uploads\/2024\/11\/plenariocamara-1.jpg",1600,1200,false],"thumbnail":["https:\/\/www.camaracampos.rj.gov.br\/site\/wp-content\/uploads\/2024\/11\/plenariocamara-1-150x150.jpg",150,150,true],"medium":["https:\/\/www.camaracampos.rj.gov.br\/site\/wp-content\/uploads\/2024\/11\/plenariocamara-1-300x225.jpg",300,225,true],"large":["https:\/\/www.camaracampos.rj.gov.br\/site\/wp-content\/uploads\/2024\/11\/plenariocamara-1-1024x768.jpg",500,375,true],"1536x1536":["https:\/\/www.camaracampos.rj.gov.br\/site\/wp-content\/uploads\/2024\/11\/plenariocamara-1-1536x1152.jpg",1536,1152,true],"2048x2048":["https:\/\/www.camaracampos.rj.gov.br\/site\/wp-content\/uploads\/2024\/11\/plenariocamara-1.jpg",1600,1200,false],"depicter-thumbnail":["https:\/\/www.camaracampos.rj.gov.br\/site\/wp-content\/uploads\/2024\/11\/plenariocamara-1-200x150.jpg",200,150,true]},"rttpg_author":{"display_name":false,"author_link":"https:\/\/www.camaracampos.rj.gov.br\/site\/author\/lohaynne\/"},"rttpg_comment":0,"rttpg_category":"<a href=\"https:\/\/www.camaracampos.rj.gov.br\/site\/category\/camara\/\" rel=\"category tag\">C\u00e2mara<\/a> <a href=\"https:\/\/www.camaracampos.rj.gov.br\/site\/category\/camara\/legislativo\/\" rel=\"category tag\">Legislativo<\/a>","rttpg_excerpt":"A C\u00e2mara Municipal de Campos dos Goytacazes convocou sess\u00e3o extraordin\u00e1ria para a pr\u00f3xima quarta-feira (24), \u00e0s 11h30, no plen\u00e1rio. O Ato Executivo n\u00ba 0071\/2025 com a convoca\u00e7\u00e3o foi publicado no suplemento do Di\u00e1rio Oficial nesta segunda-feira (22). A realiza\u00e7\u00e3o da sess\u00e3o atende ao Of\u00edcio n\u00ba 0191\/2025-SG encaminhado pelo Executivo. Na pauta, ser\u00e1 discutido e votado&hellip;","_links":{"self":[{"href":"https:\/\/www.camaracampos.rj.gov.br\/site\/wp-json\/wp\/v2\/posts\/8520","targetHints":{"allow":["GET"]}}],"collection":[{"href":"https:\/\/www.camaracampos.rj.gov.br\/site\/wp-json\/wp\/v2\/posts"}],"about":[{"href":"https:\/\/www.camaracampos.rj.gov.br\/site\/wp-json\/wp\/v2\/types\/post"}],"author":[{"embeddable":true,"href":"https:\/\/www.camaracampos.rj.gov.br\/site\/wp-json\/wp\/v2\/users\/2"}],"replies":[{"embeddable":true,"href":"https:\/\/www.camaracampos.rj.gov.br\/site\/wp-json\/wp\/v2\/comments?post=8520"}],"version-history":[{"count":2,"href":"https:\/\/www.camaracampos.rj.gov.br\/site\/wp-json\/wp\/v2\/posts\/8520\/revisions"}],"predecessor-version":[{"id":8525,"href":"https:\/\/www.camaracampos.rj.gov.br\/site\/wp-json\/wp\/v2\/posts\/8520\/revisions\/8525"}],"wp:featuredmedia":[{"embeddable":true,"href":"https:\/\/www.camaracampos.rj.gov.br\/site\/wp-json\/wp\/v2\/media\/1084"}],"wp:attachment":[{"href":"https:\/\/www.camaracampos.rj.gov.br\/site\/wp-json\/wp\/v2\/media?parent=8520"}],"wp:term":[{"taxonomy":"category","embeddable":true,"href":"https:\/\/www.camaracampos.rj.gov.br\/site\/wp-json\/wp\/v2\/categories?post=8520"},{"taxonomy":"post_tag","embeddable":true,"href":"https:\/\/www.camaracampos.rj.gov.br\/site\/wp-json\/wp\/v2\/tags?post=8520"}],"curies":[{"name":"wp","href":"https:\/\/api.w.org\/{rel}","templated":true}]}}